{"id":2442,"date":"2019-01-29T23:36:29","date_gmt":"2019-01-29T22:36:29","guid":{"rendered":"https:\/\/werle.pro\/?p=2442"},"modified":"2019-01-29T23:36:29","modified_gmt":"2019-01-29T22:36:29","slug":"anssi-rgpd-renforcer-la-securite-des-donnees-a-caractere-personnel","status":"publish","type":"post","link":"https:\/\/werle.pro\/index.php\/2019\/01\/29\/anssi-rgpd-renforcer-la-securite-des-donnees-a-caractere-personnel\/","title":{"rendered":"ANSSI RGPD \u2013 Renforcer la s\u00e9curit\u00e9 des donn\u00e9es \u00e0 caract\u00e8re personnel"},"content":{"rendered":"<p>\u00ab\u00a0\u00c0 l\u2019occasion de l\u2019entr\u00e9e en application du r\u00e8glement g\u00e9n\u00e9ral sur la protection des donn\u00e9es (RGPD), l\u2019ANSSI met \u00e0 disposition de toutes les entit\u00e9s publiques et priv\u00e9es concern\u00e9es, un \u00ab kit de la s\u00e9curit\u00e9 des donn\u00e9es \u00bb. Management du risque, bonnes pratiques en mati\u00e8re d\u2019hygi\u00e8ne informatique, sensibilisation des collaborateurs, solutions num\u00e9riques de confiance&#8230; autant d\u2019outils utiles au renforcement de la s\u00e9curit\u00e9 des donn\u00e9es \u00e0 caract\u00e8re personnel trait\u00e9es par les entreprises, administrations et collectivit\u00e9s.\u00a0\u00bb<\/p>\n<p><a href=\"https:\/\/www.ssi.gouv.fr\/administration\/reglementation\/rgpd-renforcer-la-securite-des-donnees-a-caractere-personnel\/\">www.ssi.gouv.fr\/administration\/reglementation\/rgpd-renforcer-la-securite-des-donnees-a-caractere-personnel\/<\/a><\/p>\n","protected":false},"excerpt":{"rendered":"<p>\u00ab\u00a0\u00c0 l\u2019occasion de l\u2019entr\u00e9e en application du r\u00e8glement g\u00e9n\u00e9ral sur la protection des donn\u00e9es (RGPD), l\u2019ANSSI met \u00e0 disposition de toutes les entit\u00e9s publiques et priv\u00e9es concern\u00e9es, un \u00ab kit de la s\u00e9curit\u00e9 des donn\u00e9es \u00bb. Management du risque, bonnes pratiques en mati\u00e8re d\u2019hygi\u00e8ne informatique, sensibilisation des collaborateurs, solutions num\u00e9riques de confiance&#8230; autant d\u2019outils utiles &#8230; <a title=\"ANSSI RGPD \u2013 Renforcer la s\u00e9curit\u00e9 des donn\u00e9es \u00e0 caract\u00e8re personnel\" class=\"read-more\" href=\"https:\/\/werle.pro\/index.php\/2019\/01\/29\/anssi-rgpd-renforcer-la-securite-des-donnees-a-caractere-personnel\/\" aria-label=\"Read more about ANSSI RGPD \u2013 Renforcer la s\u00e9curit\u00e9 des donn\u00e9es \u00e0 caract\u00e8re personnel\">Lire la suite<\/a><\/p>\n","protected":false},"author":1,"featured_media":0,"comment_status":"closed","ping_status":"open","sticky":false,"template":"","format":"standard","meta":{"jetpack_post_was_ever_published":false,"_jetpack_newsletter_access":"","_jetpack_dont_email_post_to_subs":false,"_jetpack_newsletter_tier_id":0,"footnotes":"","jetpack_publicize_message":"","jetpack_publicize_feature_enabled":true,"jetpack_social_post_already_shared":true,"jetpack_social_options":{"image_generator_settings":{"template":"highway","enabled":false}}},"categories":[10],"tags":[],"jetpack_publicize_connections":[],"jetpack_featured_media_url":"","jetpack_sharing_enabled":true,"jetpack_shortlink":"https:\/\/wp.me\/p7ALXt-Do","jetpack-related-posts":[],"_links":{"self":[{"href":"https:\/\/werle.pro\/index.php\/wp-json\/wp\/v2\/posts\/2442"}],"collection":[{"href":"https:\/\/werle.pro\/index.php\/wp-json\/wp\/v2\/posts"}],"about":[{"href":"https:\/\/werle.pro\/index.php\/wp-json\/wp\/v2\/types\/post"}],"author":[{"embeddable":true,"href":"https:\/\/werle.pro\/index.php\/wp-json\/wp\/v2\/users\/1"}],"replies":[{"embeddable":true,"href":"https:\/\/werle.pro\/index.php\/wp-json\/wp\/v2\/comments?post=2442"}],"version-history":[{"count":1,"href":"https:\/\/werle.pro\/index.php\/wp-json\/wp\/v2\/posts\/2442\/revisions"}],"predecessor-version":[{"id":2443,"href":"https:\/\/werle.pro\/index.php\/wp-json\/wp\/v2\/posts\/2442\/revisions\/2443"}],"wp:attachment":[{"href":"https:\/\/werle.pro\/index.php\/wp-json\/wp\/v2\/media?parent=2442"}],"wp:term":[{"taxonomy":"category","embeddable":true,"href":"https:\/\/werle.pro\/index.php\/wp-json\/wp\/v2\/categories?post=2442"},{"taxonomy":"post_tag","embeddable":true,"href":"https:\/\/werle.pro\/index.php\/wp-json\/wp\/v2\/tags?post=2442"}],"curies":[{"name":"wp","href":"https:\/\/api.w.org\/{rel}","templated":true}]}}