{"id":2386,"date":"2019-01-19T14:26:23","date_gmt":"2019-01-19T13:26:23","guid":{"rendered":"https:\/\/werle.pro\/?p=2386"},"modified":"2019-01-19T14:26:25","modified_gmt":"2019-01-19T13:26:25","slug":"ssi-gov-strategie-cyber-des-armees","status":"publish","type":"post","link":"https:\/\/werle.pro\/index.php\/2019\/01\/19\/ssi-gov-strategie-cyber-des-armees\/","title":{"rendered":"SSI-GOV &#8211; Strat\u00e9gie cyber des Arm\u00e9es"},"content":{"rendered":"<p>20190118 &#8211; Strat\u00e9gie cyber des Arm\u00e9es &#8211; Discour de Florence Parly, ministre des Arm\u00e9es<\/p>\n<p>\u00ab Aujourd\u2019hui, nous refusons le conservatisme qui voit le num\u00e9rique comme une mode et la na\u00efvet\u00e9 de ceux qui le regarde avec b\u00e9atitude, sans en comprendre les dangers.<\/p>\n<p>Aujourd\u2019hui, nous envoyons un message ferme \u00e0 nos adversaires et nous tendons la main \u00e0 nos alli\u00e9s.<\/p>\n<p>Aujourd\u2019hui, nous nous dotons d\u2019un cadre clair et nous l\u2019assumons : oui, la France emploie et emploiera l\u2019arme cyber dans ses op\u00e9rations militaires \u00bb<\/p>\n<p><a href=\"https:\/\/www.defense.gouv.fr\/salle-de-presse\/discours\/discours-de-florence-parly\/discour-de-florence-parly-ministre-des-armees-strategie-cyber-des-armees\">www.defense.gouv.fr\/salle-de-presse\/discours\/discours-de-florence-parly\/discour-de-florence-parly-ministre-des-armees-strategie-cyber-des-armees<\/a><\/p>\n","protected":false},"excerpt":{"rendered":"<p>20190118 &#8211; Strat\u00e9gie cyber des Arm\u00e9es &#8211; Discour de Florence Parly, ministre des Arm\u00e9es \u00ab Aujourd\u2019hui, nous refusons le conservatisme qui voit le num\u00e9rique comme une mode et la na\u00efvet\u00e9 de ceux qui le regarde avec b\u00e9atitude, sans en comprendre les dangers. Aujourd\u2019hui, nous envoyons un message ferme \u00e0 nos adversaires et nous tendons la &#8230; <a title=\"SSI-GOV &#8211; Strat\u00e9gie cyber des Arm\u00e9es\" class=\"read-more\" href=\"https:\/\/werle.pro\/index.php\/2019\/01\/19\/ssi-gov-strategie-cyber-des-armees\/\" aria-label=\"Read more about SSI-GOV &#8211; Strat\u00e9gie cyber des Arm\u00e9es\">Lire la suite<\/a><\/p>\n","protected":false},"author":1,"featured_media":0,"comment_status":"closed","ping_status":"open","sticky":false,"template":"","format":"standard","meta":{"jetpack_post_was_ever_published":false,"_jetpack_newsletter_access":"","_jetpack_dont_email_post_to_subs":false,"_jetpack_newsletter_tier_id":0,"footnotes":"","jetpack_publicize_message":"","jetpack_publicize_feature_enabled":true,"jetpack_social_post_already_shared":true,"jetpack_social_options":{"image_generator_settings":{"template":"highway","enabled":false}}},"categories":[10],"tags":[],"jetpack_publicize_connections":[],"jetpack_featured_media_url":"","jetpack_sharing_enabled":true,"jetpack_shortlink":"https:\/\/wp.me\/p7ALXt-Cu","jetpack-related-posts":[],"_links":{"self":[{"href":"https:\/\/werle.pro\/index.php\/wp-json\/wp\/v2\/posts\/2386"}],"collection":[{"href":"https:\/\/werle.pro\/index.php\/wp-json\/wp\/v2\/posts"}],"about":[{"href":"https:\/\/werle.pro\/index.php\/wp-json\/wp\/v2\/types\/post"}],"author":[{"embeddable":true,"href":"https:\/\/werle.pro\/index.php\/wp-json\/wp\/v2\/users\/1"}],"replies":[{"embeddable":true,"href":"https:\/\/werle.pro\/index.php\/wp-json\/wp\/v2\/comments?post=2386"}],"version-history":[{"count":1,"href":"https:\/\/werle.pro\/index.php\/wp-json\/wp\/v2\/posts\/2386\/revisions"}],"predecessor-version":[{"id":2387,"href":"https:\/\/werle.pro\/index.php\/wp-json\/wp\/v2\/posts\/2386\/revisions\/2387"}],"wp:attachment":[{"href":"https:\/\/werle.pro\/index.php\/wp-json\/wp\/v2\/media?parent=2386"}],"wp:term":[{"taxonomy":"category","embeddable":true,"href":"https:\/\/werle.pro\/index.php\/wp-json\/wp\/v2\/categories?post=2386"},{"taxonomy":"post_tag","embeddable":true,"href":"https:\/\/werle.pro\/index.php\/wp-json\/wp\/v2\/tags?post=2386"}],"curies":[{"name":"wp","href":"https:\/\/api.w.org\/{rel}","templated":true}]}}