{"id":2363,"date":"2019-01-14T00:41:23","date_gmt":"2019-01-13T23:41:23","guid":{"rendered":"https:\/\/werle.pro\/?p=2363"},"modified":"2019-01-14T00:41:24","modified_gmt":"2019-01-13T23:41:24","slug":"clusif-panorama-de-la-cybercriminalite-annee-2018","status":"publish","type":"post","link":"https:\/\/werle.pro\/index.php\/2019\/01\/14\/clusif-panorama-de-la-cybercriminalite-annee-2018\/","title":{"rendered":"CLUSIF &#8211; Panorama de la cybercriminalit\u00e9 &#8211; Ann\u00e9e 2018"},"content":{"rendered":"<p>\u00ab\u00a0Le Panorama de la Cybercriminalit\u00e9 du CLUSIF s\u2019est impos\u00e9 depuis plusieurs ann\u00e9es comme un \u00e9v\u00e9nement incontournable dans le monde de la s\u00e9curit\u00e9 de l\u2019information.<\/p>\n<p>Cette conf\u00e9rence dresse le bilan en mati\u00e8re de cybercriminalit\u00e9 mais \u00e9galement en mati\u00e8re d\u2019\u00e9v\u00e9nements soci\u00e9taux et parfois accidentels en relation avec la s\u00e9curit\u00e9 de l\u2019information.\u00a0\u00bb<\/p>\n<p><a href=\"https:\/\/clusif.fr\/conferences\/panorama-de-la-cybercriminalite-annee-2018\/\">clusif.fr\/conferences\/panorama-de-la-cybercriminalite-annee-2018\/<\/a><\/p>\n","protected":false},"excerpt":{"rendered":"<p>\u00ab\u00a0Le Panorama de la Cybercriminalit\u00e9 du CLUSIF s\u2019est impos\u00e9 depuis plusieurs ann\u00e9es comme un \u00e9v\u00e9nement incontournable dans le monde de la s\u00e9curit\u00e9 de l\u2019information. Cette conf\u00e9rence dresse le bilan en mati\u00e8re de cybercriminalit\u00e9 mais \u00e9galement en mati\u00e8re d\u2019\u00e9v\u00e9nements soci\u00e9taux et parfois accidentels en relation avec la s\u00e9curit\u00e9 de l\u2019information.\u00a0\u00bb clusif.fr\/conferences\/panorama-de-la-cybercriminalite-annee-2018\/<\/p>\n","protected":false},"author":1,"featured_media":0,"comment_status":"closed","ping_status":"open","sticky":false,"template":"","format":"standard","meta":{"jetpack_post_was_ever_published":false,"_jetpack_newsletter_access":"","_jetpack_dont_email_post_to_subs":false,"_jetpack_newsletter_tier_id":0,"footnotes":"","jetpack_publicize_message":"","jetpack_publicize_feature_enabled":true,"jetpack_social_post_already_shared":true,"jetpack_social_options":{"image_generator_settings":{"template":"highway","enabled":false}}},"categories":[10],"tags":[],"jetpack_publicize_connections":[],"jetpack_featured_media_url":"","jetpack_sharing_enabled":true,"jetpack_shortlink":"https:\/\/wp.me\/p7ALXt-C7","jetpack-related-posts":[],"_links":{"self":[{"href":"https:\/\/werle.pro\/index.php\/wp-json\/wp\/v2\/posts\/2363"}],"collection":[{"href":"https:\/\/werle.pro\/index.php\/wp-json\/wp\/v2\/posts"}],"about":[{"href":"https:\/\/werle.pro\/index.php\/wp-json\/wp\/v2\/types\/post"}],"author":[{"embeddable":true,"href":"https:\/\/werle.pro\/index.php\/wp-json\/wp\/v2\/users\/1"}],"replies":[{"embeddable":true,"href":"https:\/\/werle.pro\/index.php\/wp-json\/wp\/v2\/comments?post=2363"}],"version-history":[{"count":2,"href":"https:\/\/werle.pro\/index.php\/wp-json\/wp\/v2\/posts\/2363\/revisions"}],"predecessor-version":[{"id":2367,"href":"https:\/\/werle.pro\/index.php\/wp-json\/wp\/v2\/posts\/2363\/revisions\/2367"}],"wp:attachment":[{"href":"https:\/\/werle.pro\/index.php\/wp-json\/wp\/v2\/media?parent=2363"}],"wp:term":[{"taxonomy":"category","embeddable":true,"href":"https:\/\/werle.pro\/index.php\/wp-json\/wp\/v2\/categories?post=2363"},{"taxonomy":"post_tag","embeddable":true,"href":"https:\/\/werle.pro\/index.php\/wp-json\/wp\/v2\/tags?post=2363"}],"curies":[{"name":"wp","href":"https:\/\/api.w.org\/{rel}","templated":true}]}}