{"id":2318,"date":"2019-01-05T12:25:38","date_gmt":"2019-01-05T11:25:38","guid":{"rendered":"https:\/\/werle.pro\/?p=2318"},"modified":"2019-01-07T08:38:56","modified_gmt":"2019-01-07T07:38:56","slug":"cyberattaque-de-nombreux-parlementaires-victimes-dune-cyberattaque","status":"publish","type":"post","link":"https:\/\/werle.pro\/index.php\/2019\/01\/05\/cyberattaque-de-nombreux-parlementaires-victimes-dune-cyberattaque\/","title":{"rendered":"Cyberattaque &#8211; De nombreux parlementaires victimes d&rsquo;une cyberattaque"},"content":{"rendered":"<p>\u00ab\u00a0La radio publique berlinoise affirme que plusieurs centaines de parlementaires du Bundestag, ainsi que plusieurs Parlements r\u00e9gionaux ont \u00e9t\u00e9 la cible d&rsquo;une attaque informatique massive. Des donn\u00e9es sensibles ont \u00e9t\u00e9 d\u00e9rob\u00e9es. Ce n&rsquo;est pas une premi\u00e8re dans le pays, o\u00f9 des institutions politiques ont d\u00e9j\u00e0 \u00e9t\u00e9 vis\u00e9es.\u00a0\u00bb<\/p>\n<p><a href=\"http:\/\/m.rfi.fr\/europe\/20190104-allemagne-cyber-attaque-parlements-donnees-politiques\">rfi.fr\/europe\/20190104-allemagne-cyber-attaque-parlements-donnees-politiques<\/a><\/p>\n<p>\u00ab\u00a0De nombreux d\u00e9put\u00e9s du Parlement europ\u00e9en, du Bundestag ou \u00e9lus dans des Parlements r\u00e9gionaux sont concern\u00e9s. Des recherches men\u00e9es ces derni\u00e8res heures ne semblaient pas indiquer que des documents politiques strat\u00e9giques aient \u00e9t\u00e9 publi\u00e9s. Des journalistes et des artistes figurent \u00e9galement dans la liste des victimes de ce piratage.<\/p>\n<p>Les informations ont \u00e9t\u00e9 diffus\u00e9es avant No\u00ebl sur un compte Twitter et il est curieux qu\u2019il ait fallu attendre d\u00e9but janvier pour que le scandale soit r\u00e9v\u00e9l\u00e9.\u00a0\u00bb<\/p>\n","protected":false},"excerpt":{"rendered":"<p>\u00ab\u00a0La radio publique berlinoise affirme que plusieurs centaines de parlementaires du Bundestag, ainsi que plusieurs Parlements r\u00e9gionaux ont \u00e9t\u00e9 la cible d&rsquo;une attaque informatique massive. Des donn\u00e9es sensibles ont \u00e9t\u00e9 d\u00e9rob\u00e9es. Ce n&rsquo;est pas une premi\u00e8re dans le pays, o\u00f9 des institutions politiques ont d\u00e9j\u00e0 \u00e9t\u00e9 vis\u00e9es.\u00a0\u00bb rfi.fr\/europe\/20190104-allemagne-cyber-attaque-parlements-donnees-politiques \u00ab\u00a0De nombreux d\u00e9put\u00e9s du Parlement europ\u00e9en, du &#8230; <a title=\"Cyberattaque &#8211; De nombreux parlementaires victimes d&rsquo;une cyberattaque\" class=\"read-more\" href=\"https:\/\/werle.pro\/index.php\/2019\/01\/05\/cyberattaque-de-nombreux-parlementaires-victimes-dune-cyberattaque\/\" aria-label=\"Read more about Cyberattaque &#8211; De nombreux parlementaires victimes d&rsquo;une cyberattaque\">Lire la suite<\/a><\/p>\n","protected":false},"author":1,"featured_media":0,"comment_status":"closed","ping_status":"open","sticky":false,"template":"","format":"standard","meta":{"jetpack_post_was_ever_published":false,"_jetpack_newsletter_access":"","_jetpack_dont_email_post_to_subs":false,"_jetpack_newsletter_tier_id":0,"footnotes":"","jetpack_publicize_message":"","jetpack_publicize_feature_enabled":true,"jetpack_social_post_already_shared":true,"jetpack_social_options":{"image_generator_settings":{"template":"highway","enabled":false}}},"categories":[10],"tags":[],"jetpack_publicize_connections":[],"jetpack_featured_media_url":"","jetpack_sharing_enabled":true,"jetpack_shortlink":"https:\/\/wp.me\/p7ALXt-Bo","jetpack-related-posts":[],"_links":{"self":[{"href":"https:\/\/werle.pro\/index.php\/wp-json\/wp\/v2\/posts\/2318"}],"collection":[{"href":"https:\/\/werle.pro\/index.php\/wp-json\/wp\/v2\/posts"}],"about":[{"href":"https:\/\/werle.pro\/index.php\/wp-json\/wp\/v2\/types\/post"}],"author":[{"embeddable":true,"href":"https:\/\/werle.pro\/index.php\/wp-json\/wp\/v2\/users\/1"}],"replies":[{"embeddable":true,"href":"https:\/\/werle.pro\/index.php\/wp-json\/wp\/v2\/comments?post=2318"}],"version-history":[{"count":1,"href":"https:\/\/werle.pro\/index.php\/wp-json\/wp\/v2\/posts\/2318\/revisions"}],"predecessor-version":[{"id":2319,"href":"https:\/\/werle.pro\/index.php\/wp-json\/wp\/v2\/posts\/2318\/revisions\/2319"}],"wp:attachment":[{"href":"https:\/\/werle.pro\/index.php\/wp-json\/wp\/v2\/media?parent=2318"}],"wp:term":[{"taxonomy":"category","embeddable":true,"href":"https:\/\/werle.pro\/index.php\/wp-json\/wp\/v2\/categories?post=2318"},{"taxonomy":"post_tag","embeddable":true,"href":"https:\/\/werle.pro\/index.php\/wp-json\/wp\/v2\/tags?post=2318"}],"curies":[{"name":"wp","href":"https:\/\/api.w.org\/{rel}","templated":true}]}}