{"id":2308,"date":"2018-12-28T10:47:29","date_gmt":"2018-12-28T09:47:29","guid":{"rendered":"https:\/\/werle.pro\/?p=2308"},"modified":"2018-12-28T10:48:17","modified_gmt":"2018-12-28T09:48:17","slug":"laffaire-laffaire-du-siecle","status":"publish","type":"post","link":"https:\/\/werle.pro\/index.php\/2018\/12\/28\/laffaire-laffaire-du-siecle\/","title":{"rendered":"L&rsquo;Affaire &#8211; L&rsquo;Affaire du Si\u00e8cle"},"content":{"rendered":"<p>\u00ab\u00a0Qu\u2019est-ce que l\u2019Affaire du si\u00e8cle ?<\/p>\n<p>Quatre organisations d\u2019int\u00e9r\u00eat g\u00e9n\u00e9ral assignent l\u2019\u00c9tat fran\u00e7ais en justice devant le Tribunal administratif de Paris pour inaction face aux changements climatiques. Leur objectif est de faire reconna\u00eetre par le juge l\u2019obligation de l\u2019\u00c9tat d\u2019agir pour limiter le r\u00e9chauffement plan\u00e9taire \u00e0 1,5\u00b0C, afin de prot\u00e9ger les Fran\u00e7ais.es face aux risques induits par les changements climatiques.<\/p>\n<p>Pour donner de la force \u00e0 leur action, ces quatre organisations ont besoin d\u2019un large soutien des citoyens.\u00a0\u00bb<\/p>\n<p><a href=\"https:\/\/laffairedusiecle.net\/laffaire\/\">https:\/\/laffairedusiecle.net\/laffaire\/<\/a><\/p>\n<p>Sur France Culture<\/p>\n<p>\u00ab\u00a0R\u00e9chauffement climatique : l&rsquo;Affaire du si\u00e8cle<br \/>\nGuillaume Erner<br \/>\n3 minutes<\/p>\n<p>Avec une temp\u00e9rature moyenne de 14\u00b0C, l\u2019ann\u00e9e qui s\u2019ach\u00e8ve a \u00e9t\u00e9 la plus chaude enregistr\u00e9e en France depuis le d\u00e9but des relev\u00e9s m\u00e9t\u00e9orologiques, en 1900. Alors que l\u2019on vient de f\u00eater une nouvelle fois No\u00ebl au balcon, des citoyens s\u2019alarment de la passivit\u00e9 des pouvoirs publics.<\/p>\n<p>Le 18 d\u00e9cembre dernier, quatre associations ont adress\u00e9 une demande de r\u00e9paration \u00e0 l\u2019Etat fran\u00e7ais, l\u2019accusant de ne pas avoir pris les mesures n\u00e9cessaires pour endiguer le r\u00e9chauffement climatique. Une semaine plus tard, la p\u00e9tition accompagnant leur d\u00e9marche, baptis\u00e9e \u201cl\u2019Affaire du si\u00e8cle\u201d, a recueilli plus d\u20191,8 millions de signatures*. Prochaine \u00e9tape, en cas de r\u00e9ponse insatisfaisante des autorit\u00e9s : le d\u00e9p\u00f4t d\u2019un recours en plein contentieux devant le tribunal administratif de Paris.<\/p>\n<p>Mercredi 26 d\u00e9cembre, le ministre de la Transition \u00e9cologique, Fran\u00e7ois de Rugy, a salu\u00e9 cette mobilisation citoyenne, mais r\u00e9pliqu\u00e9 que \u201cce n\u2019est pas dans un tribunal qu\u2019on va faire baisser les \u00e9missions de gaz \u00e0 effet de serre\u201d. Pour lui, \u201cce n\u2019est pas \u00e0 des juges de forcer le gouvernement \u00e0 prendre une loi\u201d.<\/p>\n<p>Et pourtant\u2026 L\u2019Etat fran\u00e7ais est bel et bien oblig\u00e9 d\u2019adopter des mesures pour limiter le r\u00e9chauffement climatique. Il est en effet li\u00e9 par de nombreux accords internationaux en la mati\u00e8re, le dernier \u00e9tant l\u2019Accord de Paris de 2015, mais \u00e9galement par sa propre Constitution, qui int\u00e8gre depuis 2005 la Charte de l\u2019environnement. En principe, rien n\u2019emp\u00eache donc la justice administrative de condamner l\u2019Etat pour n\u2019avoir pas respect\u00e9 ces obligations environnementales.<\/p>\n<p>Pour en parler, nous recevons l\u2019\u00e9crivain Cyril Dion, signataire de la p\u00e9tition, et tr\u00e8s impliqu\u00e9 dans l\u2019Affaire du si\u00e8cle. Le co-fondateur du mouvement Colibri avec Pierre Rabhi, r\u00e9alisateur du film Demain, a fait de la mobilisation des citoyens dans l\u2019action climatique un cheval de bataille.\u00a0\u00bb<\/p>\n<p>https:\/\/www.franceculture.fr\/emissions\/linvite-des-matins\/rechauffement-climatique-laffaire-du-siecle<\/p>\n","protected":false},"excerpt":{"rendered":"<p>\u00ab\u00a0Qu\u2019est-ce que l\u2019Affaire du si\u00e8cle ? Quatre organisations d\u2019int\u00e9r\u00eat g\u00e9n\u00e9ral assignent l\u2019\u00c9tat fran\u00e7ais en justice devant le Tribunal administratif de Paris pour inaction face aux changements climatiques. Leur objectif est de faire reconna\u00eetre par le juge l\u2019obligation de l\u2019\u00c9tat d\u2019agir pour limiter le r\u00e9chauffement plan\u00e9taire \u00e0 1,5\u00b0C, afin de prot\u00e9ger les Fran\u00e7ais.es face aux risques &#8230; <a title=\"L&rsquo;Affaire &#8211; L&rsquo;Affaire du Si\u00e8cle\" class=\"read-more\" href=\"https:\/\/werle.pro\/index.php\/2018\/12\/28\/laffaire-laffaire-du-siecle\/\" aria-label=\"Read more about L&rsquo;Affaire &#8211; L&rsquo;Affaire du Si\u00e8cle\">Lire la suite<\/a><\/p>\n","protected":false},"author":1,"featured_media":0,"comment_status":"closed","ping_status":"open","sticky":false,"template":"","format":"standard","meta":{"jetpack_post_was_ever_published":false,"_jetpack_newsletter_access":"","_jetpack_dont_email_post_to_subs":false,"_jetpack_newsletter_tier_id":0,"footnotes":"","jetpack_publicize_message":"","jetpack_publicize_feature_enabled":true,"jetpack_social_post_already_shared":true,"jetpack_social_options":{"image_generator_settings":{"template":"highway","enabled":false}}},"categories":[10],"tags":[],"jetpack_publicize_connections":[],"jetpack_featured_media_url":"","jetpack_sharing_enabled":true,"jetpack_shortlink":"https:\/\/wp.me\/p7ALXt-Be","jetpack-related-posts":[],"_links":{"self":[{"href":"https:\/\/werle.pro\/index.php\/wp-json\/wp\/v2\/posts\/2308"}],"collection":[{"href":"https:\/\/werle.pro\/index.php\/wp-json\/wp\/v2\/posts"}],"about":[{"href":"https:\/\/werle.pro\/index.php\/wp-json\/wp\/v2\/types\/post"}],"author":[{"embeddable":true,"href":"https:\/\/werle.pro\/index.php\/wp-json\/wp\/v2\/users\/1"}],"replies":[{"embeddable":true,"href":"https:\/\/werle.pro\/index.php\/wp-json\/wp\/v2\/comments?post=2308"}],"version-history":[{"count":3,"href":"https:\/\/werle.pro\/index.php\/wp-json\/wp\/v2\/posts\/2308\/revisions"}],"predecessor-version":[{"id":2311,"href":"https:\/\/werle.pro\/index.php\/wp-json\/wp\/v2\/posts\/2308\/revisions\/2311"}],"wp:attachment":[{"href":"https:\/\/werle.pro\/index.php\/wp-json\/wp\/v2\/media?parent=2308"}],"wp:term":[{"taxonomy":"category","embeddable":true,"href":"https:\/\/werle.pro\/index.php\/wp-json\/wp\/v2\/categories?post=2308"},{"taxonomy":"post_tag","embeddable":true,"href":"https:\/\/werle.pro\/index.php\/wp-json\/wp\/v2\/tags?post=2308"}],"curies":[{"name":"wp","href":"https:\/\/api.w.org\/{rel}","templated":true}]}}